{"id":11339,"date":"2025-02-03T10:09:28","date_gmt":"2025-02-03T09:09:28","guid":{"rendered":"https:\/\/denkinger-logistik.de\/2025\/02\/03\/denkinger-in-the-verkehrsrundschau-why-our-rail-hub-was-honored\/"},"modified":"2025-02-03T10:25:43","modified_gmt":"2025-02-03T09:25:43","slug":"denkinger-in-the-verkehrsrundschau-why-our-rail-hub-was-honored","status":"publish","type":"post","link":"https:\/\/denkinger-logistik.de\/en\/2025\/02\/03\/denkinger-in-the-verkehrsrundschau-why-our-rail-hub-was-honored\/","title":{"rendered":"DENKINGER in the VerkehrsRundschau: Why our RAIL-HUB was honored"},"content":{"rendered":"\t\t<div data-elementor-type=\"wp-post\" data-elementor-id=\"11339\" class=\"elementor elementor-11339 elementor-11329\" data-elementor-post-type=\"post\">\n\t\t\t\t\t\t<section class=\"ob-is-breaking-bad elementor-section elementor-top-section elementor-element elementor-element-d97ae75 elementor-section-boxed elementor-section-height-default elementor-section-height-default\" data-id=\"d97ae75\" data-element_type=\"section\" data-settings=\"{&quot;_ob_bbad_use_it&quot;:&quot;yes&quot;,&quot;_ob_bbad_sssic_use&quot;:&quot;no&quot;,&quot;_ob_glider_is_slider&quot;:&quot;no&quot;}\">\n\t\t\t\t\t\t<div class=\"elementor-container elementor-column-gap-default\">\n\t\t\t\t\t<div class=\"elementor-column elementor-col-100 elementor-top-column elementor-element elementor-element-de5094e\" data-id=\"de5094e\" data-element_type=\"column\" data-settings=\"{&quot;_ob_bbad_is_stalker&quot;:&quot;no&quot;,&quot;_ob_teleporter_use&quot;:false,&quot;_ob_column_hoveranimator&quot;:&quot;no&quot;,&quot;_ob_column_has_pseudo&quot;:&quot;no&quot;}\">\n\t\t\t<div class=\"elementor-widget-wrap elementor-element-populated\">\n\t\t\t\t\t\t<div class=\"elementor-element elementor-element-7b552ad ob-harakiri-inherit ob-has-background-overlay elementor-widget elementor-widget-text-editor\" data-id=\"7b552ad\" data-element_type=\"widget\" data-settings=\"{&quot;_ob_use_harakiri&quot;:&quot;yes&quot;,&quot;_ob_harakiri_writing_mode&quot;:&quot;inherit&quot;,&quot;_ob_postman_use&quot;:&quot;no&quot;,&quot;_ob_perspektive_use&quot;:&quot;no&quot;,&quot;_ob_poopart_use&quot;:&quot;yes&quot;,&quot;_ob_shadough_use&quot;:&quot;no&quot;,&quot;_ob_allow_hoveranimator&quot;:&quot;no&quot;,&quot;_ob_widget_stalker_use&quot;:&quot;no&quot;}\" data-widget_type=\"text-editor.default\">\n\t\t\t\t<div class=\"elementor-widget-container\">\n\t\t\t\t\t\t\t\t\t<p>The <strong>VerkehrsRundschau<\/strong> has published a detailed report in its current issue about our <a href=\"https:\/\/denkinger-logistik.de\/en\/denkinger-rail-hub\/\"><strong>RAIL-HUB <\/strong><\/a>has been published. The article sheds light on how we are using our strategy to <a href=\"https:\/\/denkinger-logistik.de\/en\/transportation\/rail-transport\/\"><strong>rail freight transport<\/strong><\/a> rail freight transport, implement sustainable logistics solutions and <a href=\"https:\/\/denkinger-logistik.de\/en\/denkinger-rail-hub\/\"><strong>RAIL-HUB<\/strong><\/a> an <strong>innovative interface between road and rail<\/strong>. <\/p>\n<p>Particular emphasis is placed on our commitment to <strong><a href=\"https:\/\/denkinger-logistik.de\/en\/it\/\">digitalization<\/a>, <a href=\"https:\/\/denkinger-logistik.de\/en\/the-company\/responsibility\/\">sustainable mobility<\/a> and intermodal transport solutions<\/strong>. It also explains why the Rail Hub is a forward-looking concept for resource-conserving freight transportation &#8211; a vision that was recognized with the award of the <a href=\"https:\/\/denkinger-logistik.de\/en\/2024\/10\/23\/denkinger-wins-the-german-logistics-award-2024\/\"><strong>German Logistics Award 2024 <\/strong><\/a>award. <\/p>\n<p>Read the full article here: <span style=\"text-decoration: underline;\"><strong><a href=\"https:\/\/denkinger-logistik.de\/wp-content\/uploads\/2025\/02\/Verkehrsrundschau-Rail-Hub-web.pdf\">Verkehrsrundschau-Rail Hub-web<\/a><\/strong><\/span><\/p><\/p>\n\t\t\t\t\t\t\t\t<\/div>\n\t\t\t\t<\/div>\n\t\t\t\t\t<\/div>\n\t\t<\/div>\n\t\t\t\t\t<\/div>\n\t\t<\/section>\n\t\t\t\t<\/div>\n\t\t","protected":false},"excerpt":{"rendered":"<p>The VerkehrsRundschau has published a detailed report in its current issue about our RAIL-HUB has been published. The article sheds light on how we are using our strategy to rail freight transport rail freight transport, implement sustainable logistics solutions and RAIL-HUB an innovative interface between road and rail. Particular emphasis is placed on our commitment [&hellip;]<\/p>\n","protected":false},"author":7,"featured_media":9769,"comment_status":"open","ping_status":"open","sticky":false,"template":"","format":"standard","meta":{"footnotes":""},"categories":[64],"tags":[199,198],"class_list":["post-11339","post","type-post","status-publish","format-standard","has-post-thumbnail","hentry","category-uncategorized","tag-logistics-prize","tag-rail-hub-en","wpbf-post"],"yoast_head":"<!-- This site is optimized with the Yoast SEO plugin v26.5 - https:\/\/yoast.com\/wordpress\/plugins\/seo\/ -->\n<title>DENKINGER in the VerkehrsRundschau: Why our RAIL-HUB was honored - Denkinger<\/title>\n<meta name=\"robots\" content=\"index, follow, max-snippet:-1, max-image-preview:large, max-video-preview:-1\" \/>\n<link rel=\"canonical\" href=\"https:\/\/denkinger-logistik.de\/en\/2025\/02\/03\/denkinger-in-the-verkehrsrundschau-why-our-rail-hub-was-honored\/\" \/>\n<meta property=\"og:locale\" content=\"en_US\" \/>\n<meta property=\"og:type\" content=\"article\" \/>\n<meta property=\"og:title\" content=\"DENKINGER in the VerkehrsRundschau: Why our RAIL-HUB was honored - Denkinger\" \/>\n<meta property=\"og:description\" content=\"The VerkehrsRundschau has published a detailed report in its current issue about our RAIL-HUB has been published. The article sheds light on how we are using our strategy to rail freight transport rail freight transport, implement sustainable logistics solutions and RAIL-HUB an innovative interface between road and rail. Particular emphasis is placed on our commitment [&hellip;]\" \/>\n<meta property=\"og:url\" content=\"https:\/\/denkinger-logistik.de\/en\/2025\/02\/03\/denkinger-in-the-verkehrsrundschau-why-our-rail-hub-was-honored\/\" \/>\n<meta property=\"og:site_name\" content=\"Denkinger\" \/>\n<meta property=\"article:published_time\" content=\"2025-02-03T09:09:28+00:00\" \/>\n<meta property=\"article:modified_time\" content=\"2025-02-03T09:25:43+00:00\" \/>\n<meta property=\"og:image\" content=\"https:\/\/denkinger-logistik.de\/wp-content\/uploads\/2024\/10\/Denkinger-Rail-Hub.jpg\" \/>\n\t<meta property=\"og:image:width\" content=\"1920\" \/>\n\t<meta property=\"og:image:height\" content=\"854\" \/>\n\t<meta property=\"og:image:type\" content=\"image\/jpeg\" \/>\n<meta name=\"author\" content=\"Marc von Bentivegni\" \/>\n<meta name=\"twitter:card\" content=\"summary_large_image\" \/>\n<meta name=\"twitter:label1\" content=\"Written by\" \/>\n\t<meta name=\"twitter:data1\" content=\"Marc von Bentivegni\" \/>\n\t<meta name=\"twitter:label2\" content=\"Est. reading time\" \/>\n\t<meta name=\"twitter:data2\" content=\"1 minute\" \/>\n<!-- \/ Yoast SEO plugin. -->","yoast_head_json":{"title":"DENKINGER in the VerkehrsRundschau: Why our RAIL-HUB was honored - Denkinger","robots":{"index":"index","follow":"follow","max-snippet":"max-snippet:-1","max-image-preview":"max-image-preview:large","max-video-preview":"max-video-preview:-1"},"canonical":"https:\/\/denkinger-logistik.de\/en\/2025\/02\/03\/denkinger-in-the-verkehrsrundschau-why-our-rail-hub-was-honored\/","og_locale":"en_US","og_type":"article","og_title":"DENKINGER in the VerkehrsRundschau: Why our RAIL-HUB was honored - Denkinger","og_description":"The VerkehrsRundschau has published a detailed report in its current issue about our RAIL-HUB has been published. The article sheds light on how we are using our strategy to rail freight transport rail freight transport, implement sustainable logistics solutions and RAIL-HUB an innovative interface between road and rail. Particular emphasis is placed on our commitment [&hellip;]","og_url":"https:\/\/denkinger-logistik.de\/en\/2025\/02\/03\/denkinger-in-the-verkehrsrundschau-why-our-rail-hub-was-honored\/","og_site_name":"Denkinger","article_published_time":"2025-02-03T09:09:28+00:00","article_modified_time":"2025-02-03T09:25:43+00:00","og_image":[{"width":1920,"height":854,"url":"https:\/\/denkinger-logistik.de\/wp-content\/uploads\/2024\/10\/Denkinger-Rail-Hub.jpg","type":"image\/jpeg"}],"author":"Marc von Bentivegni","twitter_card":"summary_large_image","twitter_misc":{"Written by":"Marc von Bentivegni","Est. reading time":"1 minute"},"schema":{"@context":"https:\/\/schema.org","@graph":[{"@type":"Article","@id":"https:\/\/denkinger-logistik.de\/en\/2025\/02\/03\/denkinger-in-the-verkehrsrundschau-why-our-rail-hub-was-honored\/#article","isPartOf":{"@id":"https:\/\/denkinger-logistik.de\/en\/2025\/02\/03\/denkinger-in-the-verkehrsrundschau-why-our-rail-hub-was-honored\/"},"author":{"name":"Marc von Bentivegni","@id":"https:\/\/denkinger-logistik.de\/#\/schema\/person\/177b3ca3c0048c110c07e442d8d51efc"},"headline":"DENKINGER in the VerkehrsRundschau: Why our RAIL-HUB was honored","datePublished":"2025-02-03T09:09:28+00:00","dateModified":"2025-02-03T09:25:43+00:00","mainEntityOfPage":{"@id":"https:\/\/denkinger-logistik.de\/en\/2025\/02\/03\/denkinger-in-the-verkehrsrundschau-why-our-rail-hub-was-honored\/"},"wordCount":109,"commentCount":0,"publisher":{"@id":"https:\/\/denkinger-logistik.de\/#organization"},"image":{"@id":"https:\/\/denkinger-logistik.de\/en\/2025\/02\/03\/denkinger-in-the-verkehrsrundschau-why-our-rail-hub-was-honored\/#primaryimage"},"thumbnailUrl":"https:\/\/denkinger-logistik.de\/wp-content\/uploads\/2024\/10\/Denkinger-Rail-Hub.jpg","keywords":["Logistics prize","Rail Hub"],"inLanguage":"en-US","potentialAction":[{"@type":"CommentAction","name":"Comment","target":["https:\/\/denkinger-logistik.de\/en\/2025\/02\/03\/denkinger-in-the-verkehrsrundschau-why-our-rail-hub-was-honored\/#respond"]}]},{"@type":"WebPage","@id":"https:\/\/denkinger-logistik.de\/en\/2025\/02\/03\/denkinger-in-the-verkehrsrundschau-why-our-rail-hub-was-honored\/","url":"https:\/\/denkinger-logistik.de\/en\/2025\/02\/03\/denkinger-in-the-verkehrsrundschau-why-our-rail-hub-was-honored\/","name":"DENKINGER in the VerkehrsRundschau: Why our RAIL-HUB was honored - Denkinger","isPartOf":{"@id":"https:\/\/denkinger-logistik.de\/#website"},"primaryImageOfPage":{"@id":"https:\/\/denkinger-logistik.de\/en\/2025\/02\/03\/denkinger-in-the-verkehrsrundschau-why-our-rail-hub-was-honored\/#primaryimage"},"image":{"@id":"https:\/\/denkinger-logistik.de\/en\/2025\/02\/03\/denkinger-in-the-verkehrsrundschau-why-our-rail-hub-was-honored\/#primaryimage"},"thumbnailUrl":"https:\/\/denkinger-logistik.de\/wp-content\/uploads\/2024\/10\/Denkinger-Rail-Hub.jpg","datePublished":"2025-02-03T09:09:28+00:00","dateModified":"2025-02-03T09:25:43+00:00","breadcrumb":{"@id":"https:\/\/denkinger-logistik.de\/en\/2025\/02\/03\/denkinger-in-the-verkehrsrundschau-why-our-rail-hub-was-honored\/#breadcrumb"},"inLanguage":"en-US","potentialAction":[{"@type":"ReadAction","target":["https:\/\/denkinger-logistik.de\/en\/2025\/02\/03\/denkinger-in-the-verkehrsrundschau-why-our-rail-hub-was-honored\/"]}]},{"@type":"ImageObject","inLanguage":"en-US","@id":"https:\/\/denkinger-logistik.de\/en\/2025\/02\/03\/denkinger-in-the-verkehrsrundschau-why-our-rail-hub-was-honored\/#primaryimage","url":"https:\/\/denkinger-logistik.de\/wp-content\/uploads\/2024\/10\/Denkinger-Rail-Hub.jpg","contentUrl":"https:\/\/denkinger-logistik.de\/wp-content\/uploads\/2024\/10\/Denkinger-Rail-Hub.jpg","width":1920,"height":854,"caption":"DENKINGER Rail-Hub \u2013 Ihr Logistikzentrum f\u00fcr effizienten G\u00fcterverkehr per Schiene und Stra\u00dfe. Nachhaltig und flexibel f\u00fcr Ihre Bed\u00fcrfnisse."},{"@type":"BreadcrumbList","@id":"https:\/\/denkinger-logistik.de\/en\/2025\/02\/03\/denkinger-in-the-verkehrsrundschau-why-our-rail-hub-was-honored\/#breadcrumb","itemListElement":[{"@type":"ListItem","position":1,"name":"Startseite","item":"https:\/\/denkinger-logistik.de\/en\/home\/"},{"@type":"ListItem","position":2,"name":"DENKINGER in the VerkehrsRundschau: Why our RAIL-HUB was honored"}]},{"@type":"WebSite","@id":"https:\/\/denkinger-logistik.de\/#website","url":"https:\/\/denkinger-logistik.de\/","name":"Denkinger","description":"Logistik, Transport und Digital","publisher":{"@id":"https:\/\/denkinger-logistik.de\/#organization"},"potentialAction":[{"@type":"SearchAction","target":{"@type":"EntryPoint","urlTemplate":"https:\/\/denkinger-logistik.de\/?s={search_term_string}"},"query-input":{"@type":"PropertyValueSpecification","valueRequired":true,"valueName":"search_term_string"}}],"inLanguage":"en-US"},{"@type":"Organization","@id":"https:\/\/denkinger-logistik.de\/#organization","name":"Denkinger","url":"https:\/\/denkinger-logistik.de\/","logo":{"@type":"ImageObject","inLanguage":"en-US","@id":"https:\/\/denkinger-logistik.de\/#\/schema\/logo\/image\/","url":"https:\/\/denkinger-logistik.de\/wp-content\/uploads\/2022\/12\/Logo-500.jpg","contentUrl":"https:\/\/denkinger-logistik.de\/wp-content\/uploads\/2022\/12\/Logo-500.jpg","width":500,"height":500,"caption":"Denkinger"},"image":{"@id":"https:\/\/denkinger-logistik.de\/#\/schema\/logo\/image\/"}},{"@type":"Person","@id":"https:\/\/denkinger-logistik.de\/#\/schema\/person\/177b3ca3c0048c110c07e442d8d51efc","name":"Marc von Bentivegni","image":{"@type":"ImageObject","inLanguage":"en-US","@id":"https:\/\/denkinger-logistik.de\/#\/schema\/person\/image\/","url":"https:\/\/secure.gravatar.com\/avatar\/7efb02a6eb75133d7ac9d0c970939f67abf9ff528d364961c76ef7e2f80f5eeb?s=96&d=mm&r=g","contentUrl":"https:\/\/secure.gravatar.com\/avatar\/7efb02a6eb75133d7ac9d0c970939f67abf9ff528d364961c76ef7e2f80f5eeb?s=96&d=mm&r=g","caption":"Marc von Bentivegni"},"url":"https:\/\/denkinger-logistik.de\/en\/author\/bentivegni\/"}]}},"_links":{"self":[{"href":"https:\/\/denkinger-logistik.de\/en\/wp-json\/wp\/v2\/posts\/11339","targetHints":{"allow":["GET"]}}],"collection":[{"href":"https:\/\/denkinger-logistik.de\/en\/wp-json\/wp\/v2\/posts"}],"about":[{"href":"https:\/\/denkinger-logistik.de\/en\/wp-json\/wp\/v2\/types\/post"}],"author":[{"embeddable":true,"href":"https:\/\/denkinger-logistik.de\/en\/wp-json\/wp\/v2\/users\/7"}],"replies":[{"embeddable":true,"href":"https:\/\/denkinger-logistik.de\/en\/wp-json\/wp\/v2\/comments?post=11339"}],"version-history":[{"count":0,"href":"https:\/\/denkinger-logistik.de\/en\/wp-json\/wp\/v2\/posts\/11339\/revisions"}],"wp:featuredmedia":[{"embeddable":true,"href":"https:\/\/denkinger-logistik.de\/en\/wp-json\/wp\/v2\/media\/9769"}],"wp:attachment":[{"href":"https:\/\/denkinger-logistik.de\/en\/wp-json\/wp\/v2\/media?parent=11339"}],"wp:term":[{"taxonomy":"category","embeddable":true,"href":"https:\/\/denkinger-logistik.de\/en\/wp-json\/wp\/v2\/categories?post=11339"},{"taxonomy":"post_tag","embeddable":true,"href":"https:\/\/denkinger-logistik.de\/en\/wp-json\/wp\/v2\/tags?post=11339"}],"curies":[{"name":"wp","href":"https:\/\/api.w.org\/{rel}","templated":true}]}}